{"id":199,"date":"2018-05-21T16:54:28","date_gmt":"2018-05-21T15:54:28","guid":{"rendered":"http:\/\/www.malothouement.com\/?p=199"},"modified":"2018-05-21T16:54:28","modified_gmt":"2018-05-21T15:54:28","slug":"espacement-temps-1-quentin-lefranc","status":"publish","type":"post","link":"https:\/\/www.malothouement.com\/?p=199","title":{"rendered":"Espacement, Temps 1 &#8211; Quentin Lefranc"},"content":{"rendered":"<p><img fetchpriority=\"high\" decoding=\"async\" class=\"alignleft wp-image-200\" src=\"http:\/\/www.malothouement.com\/wp-content\/uploads\/2018\/05\/Quentin_lefranc_espacements_2-1024x683.jpg\" alt=\"\" width=\"378\" height=\"252\" srcset=\"https:\/\/www.malothouement.com\/wp-content\/uploads\/2018\/05\/Quentin_lefranc_espacements_2-1024x683.jpg 1024w, https:\/\/www.malothouement.com\/wp-content\/uploads\/2018\/05\/Quentin_lefranc_espacements_2-700x467.jpg 700w, https:\/\/www.malothouement.com\/wp-content\/uploads\/2018\/05\/Quentin_lefranc_espacements_2-300x200.jpg 300w, https:\/\/www.malothouement.com\/wp-content\/uploads\/2018\/05\/Quentin_lefranc_espacements_2-768x512.jpg 768w, https:\/\/www.malothouement.com\/wp-content\/uploads\/2018\/05\/Quentin_lefranc_espacements_2-405x270.jpg 405w, https:\/\/www.malothouement.com\/wp-content\/uploads\/2018\/05\/Quentin_lefranc_espacements_2.jpg 1555w\" sizes=\"(max-width: 378px) 100vw, 378px\" \/>Installation de <a href=\"http:\/\/www.quentinlefranc.com\/2018\/04\/06\/espacements-2\/\" target=\"_blank\" rel=\"noopener\">Quentin Lefranc<\/a>, avec comme invit\u00e9e pour le Temps 1, Nina Leger. Elle propose une r\u00e9partition des panneaux dans laquelle est diffus\u00e9e un texte \u00e9crit par elle et lu par trois voix.<\/p>\n<p>La partie sonore a \u00e9t\u00e9 r\u00e9alis\u00e9e par Liza Lamy et Malo Thou\u00e9ment.<\/p>\n","protected":false},"excerpt":{"rendered":"<p>Installation de Quentin Lefranc, avec comme invit\u00e9e pour le Temps 1, Nina Leger. Elle propose une r\u00e9partition des panneaux dans laquelle est diffus\u00e9e un texte \u00e9crit par elle et lu par trois voix. La partie sonore a \u00e9t\u00e9 r\u00e9alis\u00e9e par Liza Lamy et Malo Thou\u00e9ment.<\/p>\n","protected":false},"author":1,"featured_media":0,"comment_status":"closed","ping_status":"open","sticky":false,"template":"","format":"standard","meta":{"_vp_format_video_url":"","_vp_image_focal_point":[],"footnotes":""},"categories":[3,6,10],"tags":[25,24,23,20,22,21,26],"class_list":["post-199","post","type-post","status-publish","format-standard","hentry","category-blog","category-installation","category-news","tag-espace-commine","tag-installation","tag-liza-lamy","tag-malo-thouement","tag-nina-leger","tag-quentin-lefranc","tag-sonore"],"acf":[],"_links":{"self":[{"href":"https:\/\/www.malothouement.com\/index.php?rest_route=\/wp\/v2\/posts\/199","targetHints":{"allow":["GET"]}}],"collection":[{"href":"https:\/\/www.malothouement.com\/index.php?rest_route=\/wp\/v2\/posts"}],"about":[{"href":"https:\/\/www.malothouement.com\/index.php?rest_route=\/wp\/v2\/types\/post"}],"author":[{"embeddable":true,"href":"https:\/\/www.malothouement.com\/index.php?rest_route=\/wp\/v2\/users\/1"}],"replies":[{"embeddable":true,"href":"https:\/\/www.malothouement.com\/index.php?rest_route=%2Fwp%2Fv2%2Fcomments&post=199"}],"version-history":[{"count":1,"href":"https:\/\/www.malothouement.com\/index.php?rest_route=\/wp\/v2\/posts\/199\/revisions"}],"predecessor-version":[{"id":201,"href":"https:\/\/www.malothouement.com\/index.php?rest_route=\/wp\/v2\/posts\/199\/revisions\/201"}],"wp:attachment":[{"href":"https:\/\/www.malothouement.com\/index.php?rest_route=%2Fwp%2Fv2%2Fmedia&parent=199"}],"wp:term":[{"taxonomy":"category","embeddable":true,"href":"https:\/\/www.malothouement.com\/index.php?rest_route=%2Fwp%2Fv2%2Fcategories&post=199"},{"taxonomy":"post_tag","embeddable":true,"href":"https:\/\/www.malothouement.com\/index.php?rest_route=%2Fwp%2Fv2%2Ftags&post=199"}],"curies":[{"name":"wp","href":"https:\/\/api.w.org\/{rel}","templated":true}]}}